{"id":721,"date":"2021-01-31T11:42:27","date_gmt":"2021-01-31T11:42:27","guid":{"rendered":"http:\/\/taniecsport.pl\/?p=721"},"modified":"2021-01-31T11:47:32","modified_gmt":"2021-01-31T11:47:32","slug":"odszedl-zbigniew-slizewski","status":"publish","type":"post","link":"https:\/\/taniecsport.pl\/?p=721","title":{"rendered":"Odszed\u0142 Zbigniew \u015alizewski"},"content":{"rendered":"\n<figure class=\"wp-block-image size-medium\"><img fetchpriority=\"high\" decoding=\"async\" width=\"200\" height=\"300\" src=\"https:\/\/taniecsport.pl\/wp-content\/uploads\/2021\/01\/Zbigniew_Slizewski-200x300.jpg\" alt=\"\" class=\"wp-image-722\" srcset=\"https:\/\/taniecsport.pl\/wp-content\/uploads\/2021\/01\/Zbigniew_Slizewski-200x300.jpg 200w, https:\/\/taniecsport.pl\/wp-content\/uploads\/2021\/01\/Zbigniew_Slizewski-682x1024.jpg 682w, https:\/\/taniecsport.pl\/wp-content\/uploads\/2021\/01\/Zbigniew_Slizewski-520x781.jpg 520w, https:\/\/taniecsport.pl\/wp-content\/uploads\/2021\/01\/Zbigniew_Slizewski-360x541.jpg 360w, https:\/\/taniecsport.pl\/wp-content\/uploads\/2021\/01\/Zbigniew_Slizewski-250x375.jpg 250w, https:\/\/taniecsport.pl\/wp-content\/uploads\/2021\/01\/Zbigniew_Slizewski-100x150.jpg 100w, https:\/\/taniecsport.pl\/wp-content\/uploads\/2021\/01\/Zbigniew_Slizewski.jpg 698w\" sizes=\"(max-width: 200px) 100vw, 200px\" \/><\/figure>\n\n\n\n<p>Z g\u0142\u0119bokim \u017calem zawiadamiamy, \u017ce dnia 28.01.2021 r. odszed\u0142 <strong>Zbigniew \u015alizewski<\/strong> jeden z pierwszych skrutiner\u00f3w w naszym regionie, prekursor komputerowego systemu \u00a0przetwarzania wynik\u00f3w komisji s\u0119dziowskiej na turniejach tanecznych, wieloletni dzia\u0142acz i dobry duch pomorskiego \u015brodowiska tanecznego. B\u0119dziemy pami\u0119ta\u0107 Zbyszka jako skromnego cz\u0142owieka, dla kt\u00f3rego nie by\u0142o rzeczy niemo\u017cliwych. Uczy\u0142 nas stawa\u0107 si\u0119 odwa\u017cnymi i odpowiedzialnymi od rzeczy ma\u0142ych do du\u017cych wyzwa\u0144 przekraczaj\u0105cych mo\u017cliwo\u015bci jednego cz\u0142owieka.<br><\/p>\n\n\n\n<p>Msza \u015bwi\u0119ta \u017ca\u0142obna zostanie odprawiona 04.02.2021 r. (czwartek) o godzinie 11:00 w ko\u015bciele Garnizonowym w Gdyni. Pogrzeb odb\u0119dzie si\u0119 bezpo\u015brednio po mszy \u015bw. na cmentarzu Garnizonowym w Gdyni Osksywiu. <\/p>\n\n\n\n<p>Sk\u0142adamy szczere kondolencje naszemu koledze Krzysztofowi \u015alizewskiemu i najbli\u017cszym zmar\u0142emu.<\/p>\n\n\n\n<p>Cze\u015b\u0107 Jego Pami\u0119ci<br>Zarz\u0105d PZTS<\/p>\n","protected":false},"excerpt":{"rendered":"<p>Z g\u0142\u0119bokim \u017calem zawiadamiamy, \u017ce dnia 28.01.2021 r. odszed\u0142 Zbigniew [&hellip;]<\/p>\n","protected":false},"author":1,"featured_media":0,"comment_status":"closed","ping_status":"closed","sticky":false,"template":"","format":"standard","meta":{"footnotes":""},"categories":[6],"tags":[],"class_list":["post-721","post","type-post","status-publish","format-standard","hentry","category-aktualnosci","clearfix"],"_links":{"self":[{"href":"https:\/\/taniecsport.pl\/index.php?rest_route=\/wp\/v2\/posts\/721","targetHints":{"allow":["GET"]}}],"collection":[{"href":"https:\/\/taniecsport.pl\/index.php?rest_route=\/wp\/v2\/posts"}],"about":[{"href":"https:\/\/taniecsport.pl\/index.php?rest_route=\/wp\/v2\/types\/post"}],"author":[{"embeddable":true,"href":"https:\/\/taniecsport.pl\/index.php?rest_route=\/wp\/v2\/users\/1"}],"replies":[{"embeddable":true,"href":"https:\/\/taniecsport.pl\/index.php?rest_route=%2Fwp%2Fv2%2Fcomments&post=721"}],"version-history":[{"count":6,"href":"https:\/\/taniecsport.pl\/index.php?rest_route=\/wp\/v2\/posts\/721\/revisions"}],"predecessor-version":[{"id":728,"href":"https:\/\/taniecsport.pl\/index.php?rest_route=\/wp\/v2\/posts\/721\/revisions\/728"}],"wp:attachment":[{"href":"https:\/\/taniecsport.pl\/index.php?rest_route=%2Fwp%2Fv2%2Fmedia&parent=721"}],"wp:term":[{"taxonomy":"category","embeddable":true,"href":"https:\/\/taniecsport.pl\/index.php?rest_route=%2Fwp%2Fv2%2Fcategories&post=721"},{"taxonomy":"post_tag","embeddable":true,"href":"https:\/\/taniecsport.pl\/index.php?rest_route=%2Fwp%2Fv2%2Ftags&post=721"}],"curies":[{"name":"wp","href":"https:\/\/api.w.org\/{rel}","templated":true}]}}